{"id":1910,"date":"2024-06-06T16:18:48","date_gmt":"2024-06-06T16:18:48","guid":{"rendered":"https:\/\/lamugletta.de\/non-categorizzato\/potenzialita-inespresse\/"},"modified":"2024-08-28T16:38:09","modified_gmt":"2024-08-28T16:38:09","slug":"potenzialita-inespresse","status":"publish","type":"post","link":"https:\/\/lamugletta.de\/it\/cibo-e-bevande\/potenzialita-inespresse\/","title":{"rendered":"&#8220;potenzialit\u00e0 inespresse&#8221;"},"content":{"rendered":"<p>[et_pb_section fb_built=&#8221;1&#8243; _builder_version=&#8221;4.25.1&#8243; _module_preset=&#8221;default&#8221; background_color=&#8221;#e8c07d&#8221; custom_margin=&#8221;||||true|false&#8221; custom_padding=&#8221;0px||0px||true|false&#8221; collapsed=&#8221;off&#8221; global_colors_info=&#8221;{}&#8221;][et_pb_row _builder_version=&#8221;4.25.1&#8243; _module_preset=&#8221;default&#8221; global_colors_info=&#8221;{}&#8221;][et_pb_column type=&#8221;4_4&#8243; _builder_version=&#8221;4.25.1&#8243; _module_preset=&#8221;default&#8221; global_colors_info=&#8221;{}&#8221;][et_pb_image src=&#8221;https:\/\/lamugletta.de\/wp-content\/uploads\/2024\/06\/240526_setup.jpeg&#8221; title_text=&#8221;240526_setup&#8221; align=&#8221;center&#8221; _builder_version=&#8221;4.25.1&#8243; _module_preset=&#8221;default&#8221; custom_padding=&#8221;||50px||false|false&#8221; global_colors_info=&#8221;{}&#8221;][\/et_pb_image][\/et_pb_column][\/et_pb_row][\/et_pb_section][et_pb_section fb_built=&#8221;1&#8243; _builder_version=&#8221;4.24.2&#8243; _module_preset=&#8221;default&#8221; custom_margin=&#8221;29px||||false|false&#8221; custom_margin_tablet=&#8221;6px||||false|false&#8221; custom_margin_phone=&#8221;4px||||false|false&#8221; custom_margin_last_edited=&#8221;on|phone&#8221; custom_padding=&#8221;30px||18px|||&#8221; collapsed=&#8221;off&#8221; global_colors_info=&#8221;{}&#8221;][et_pb_row _builder_version=&#8221;4.25.1&#8243; _module_preset=&#8221;default&#8221; width_tablet=&#8221;84%&#8221; width_phone=&#8221;98%&#8221; width_last_edited=&#8221;on|desktop&#8221; max_width=&#8221;1200px&#8221; module_alignment=&#8221;center&#8221; global_colors_info=&#8221;{}&#8221;][et_pb_column type=&#8221;4_4&#8243; _builder_version=&#8221;4.24.2&#8243; _module_preset=&#8221;default&#8221; custom_padding_tablet=&#8221;&#8221; custom_padding_phone=&#8221;|0px||0px|false|true&#8221; custom_padding_last_edited=&#8221;on|phone&#8221; global_colors_info=&#8221;{}&#8221;][et_pb_text admin_label=&#8221;potenzialit\u00e0 inespresse at La Mugletta&#8221; _builder_version=&#8221;4.25.1&#8243; _module_preset=&#8221;default&#8221; header_text_color=&#8221;#5F6062&#8243; header_line_height=&#8221;1.4em&#8221; header_4_font_size=&#8221;15px&#8221; header_4_letter_spacing=&#8221;5px&#8221; width=&#8221;80%&#8221; width_tablet=&#8221;80%&#8221; width_phone=&#8221;80%&#8221; width_last_edited=&#8221;on|desktop&#8221; max_width=&#8221;1080px&#8221; module_alignment=&#8221;center&#8221; text_font_size_tablet=&#8221;&#8221; text_font_size_phone=&#8221;&#8221; text_font_size_last_edited=&#8221;on|phone&#8221; header_font_size_tablet=&#8221;48px&#8221; header_font_size_phone=&#8221;39px&#8221; header_font_size_last_edited=&#8221;on|phone&#8221; global_colors_info=&#8221;{}&#8221;]<\/p>\n<h4 style=\"text-align: center;\">26 maggio &#8211; &#8220;potenzialit\u00e0 inespresse&#8221; @ La Mugletta<\/h4>\n<h1 style=\"text-align: center;\">Evento di inaugurazione presso il B&amp;B La Mugletta<\/h1>\n<p>Dentro ogni persona ci sono delle potenzialit\u00e0 e capacit\u00e0 inespresse in attesa di essere svegliate, di essere portati alla superficie. Un gruppo, una comunit\u00e0, discussioni, convivialit\u00e0; in breve il stare insieme pu\u00f2 far emergere tale potenzialit\u00e0 e capacit\u00e0.<\/p>\n<p>Con il suo progetto &#8220;potenzialit\u00e0 inespresse&#8221;, Ascanio Brozzetti vuole creare un&#8217;opportunit\u00e0 per risvegliare questi potenziali.<\/p>\n<p>Cosa unisce le persone, le fa incontrare, costruisce la comunit\u00e0 migliore, se non un pranzo condiviso a tavola. Per il 26 Maggio Ascanio Brozzetti ha esteso l&#8217;invito per un pranzo conviviale.<\/p>\n<p>10 ospiti invitati si sono riuniti al B&amp;B La Mugletta l&#8217;ultima domenica di maggio per assaporare un menu creato da Ascanio con ingredienti locali e per condividere le loro esperienze.<\/p>\n<p>Ascanio ha detto alla fine: un inizio \u00e8 stato fatto, chiss\u00e0 cosa pu\u00f2 e potr\u00e0 svilupparsi da esso.<\/p>\n<p>Ci auguriamo che ci siano altri eventi e che le potenzialit\u00e0 vengano risvegliate e portate alla luce, La Mugletta \u00e8 felice di fornire la cornice per questo.<\/p>\n<p>[\/et_pb_text][\/et_pb_column][\/et_pb_row][\/et_pb_section][et_pb_section fb_built=&#8221;1&#8243; _builder_version=&#8221;4.24.2&#8243; _module_preset=&#8221;default&#8221; custom_padding=&#8221;16px|||||&#8221; global_colors_info=&#8221;{}&#8221;][et_pb_row use_custom_gutter=&#8221;on&#8221; gutter_width=&#8221;1&#8243; make_equal=&#8221;on&#8221; _builder_version=&#8221;4.24.2&#8243; _module_preset=&#8221;default&#8221; width=&#8221;95%&#8221; max_width=&#8221;2000px&#8221; collapsed=&#8221;off&#8221; global_colors_info=&#8221;{}&#8221;][et_pb_column type=&#8221;4_4&#8243; _builder_version=&#8221;4.24.2&#8243; _module_preset=&#8221;default&#8221; global_colors_info=&#8221;{}&#8221;][et_pb_gallery gallery_ids=&#8221;1884,1887,1875,1854,1872,1866,1860,1851&#8243; posts_number=&#8221;50&#8243; show_title_and_caption=&#8221;off&#8221; show_pagination=&#8221;off&#8221; _builder_version=&#8221;4.25.1&#8243; _module_preset=&#8221;default&#8221; global_colors_info=&#8221;{}&#8221;][\/et_pb_gallery][\/et_pb_column][\/et_pb_row][\/et_pb_section]<\/p>\n","protected":false},"excerpt":{"rendered":"<p>26 maggio &#8211; &#8220;potenzialit\u00e0 inespresse&#8221; @ La Mugletta Evento di inaugurazione presso il B&amp;B La Mugletta Dentro ogni persona ci sono delle potenzialit\u00e0 e capacit\u00e0 inespresse in attesa di essere svegliate, di essere portati alla superficie. Un gruppo, una comunit\u00e0, discussioni, convivialit\u00e0; in breve il stare insieme pu\u00f2 far emergere tale potenzialit\u00e0 e capacit\u00e0. Con [&hellip;]<\/p>\n","protected":false},"author":3,"featured_media":1883,"comment_status":"open","ping_status":"open","sticky":false,"template":"","format":"standard","meta":{"_et_pb_use_builder":"on","_et_pb_old_content":"","_et_gb_content_width":"","footnotes":""},"categories":[41],"tags":[],"class_list":["post-1910","post","type-post","status-publish","format-standard","has-post-thumbnail","hentry","category-cibo-e-bevande"],"_links":{"self":[{"href":"https:\/\/lamugletta.de\/it\/wp-json\/wp\/v2\/posts\/1910","targetHints":{"allow":["GET"]}}],"collection":[{"href":"https:\/\/lamugletta.de\/it\/wp-json\/wp\/v2\/posts"}],"about":[{"href":"https:\/\/lamugletta.de\/it\/wp-json\/wp\/v2\/types\/post"}],"author":[{"embeddable":true,"href":"https:\/\/lamugletta.de\/it\/wp-json\/wp\/v2\/users\/3"}],"replies":[{"embeddable":true,"href":"https:\/\/lamugletta.de\/it\/wp-json\/wp\/v2\/comments?post=1910"}],"version-history":[{"count":17,"href":"https:\/\/lamugletta.de\/it\/wp-json\/wp\/v2\/posts\/1910\/revisions"}],"predecessor-version":[{"id":3113,"href":"https:\/\/lamugletta.de\/it\/wp-json\/wp\/v2\/posts\/1910\/revisions\/3113"}],"wp:featuredmedia":[{"embeddable":true,"href":"https:\/\/lamugletta.de\/it\/wp-json\/wp\/v2\/media\/1883"}],"wp:attachment":[{"href":"https:\/\/lamugletta.de\/it\/wp-json\/wp\/v2\/media?parent=1910"}],"wp:term":[{"taxonomy":"category","embeddable":true,"href":"https:\/\/lamugletta.de\/it\/wp-json\/wp\/v2\/categories?post=1910"},{"taxonomy":"post_tag","embeddable":true,"href":"https:\/\/lamugletta.de\/it\/wp-json\/wp\/v2\/tags?post=1910"}],"curies":[{"name":"wp","href":"https:\/\/api.w.org\/{rel}","templated":true}]}}